{"id":558,"date":"2022-06-01T17:00:13","date_gmt":"2022-06-01T17:00:13","guid":{"rendered":"https:\/\/seifdesign.ee\/?p=558"},"modified":"2023-01-03T21:41:51","modified_gmt":"2023-01-03T21:41:51","slug":"opilasfirma-seif-votab-uue-nime","status":"publish","type":"post","link":"https:\/\/seifdesign.ee\/en\/opilasfirma-seif-votab-uue-nime\/","title":{"rendered":"\u00d5pilasfirma Seif v\u00f5tab uue nime: Seif Design"},"content":{"rendered":"<p>\u00d5pilasfirma Seif aeg hakkab vaikselt t\u00e4si saama. See on olnud imeline kogemus meile ja soovime kindlasti oma tegevust j\u00e4tkata. K\u00e4isime huvitavatel \u00fcritustel, kohtusime v\u00e4gevate inimestega ja muidugi ei saa mainimatta j\u00e4tta teisi \u00f5pilasfirmasid, kellega oli tore koos tegutseda. Mani, Flexa, Tulevikunoored, Boks ja paljud teised. Ilma teieta poleks see elamus olnud pooltki nii vahva.<\/p>\n<p>N\u00fc\u00fcd, aga p\u00e4ris teema juurde, mis edasi saab? Nagu n\u00e4ha siis oleme j\u00f5udnud <a href=\"https:\/\/www.riigikantselei.ee\/stenbocki-maja\/stenbocki-maja\">Stenbocki majja<\/a>, kus v\u00f5etakse pidevalt vastu t\u00e4htsaid otsuseid, mis meid k\u00f5iki m\u00f5jutavad. Tundub, et peaksime ka ise \u00fche t\u00e4htsa otsuse vastu v\u00f5tma. Niiet, kas kohe v\u00f5i mitte kunagi?<\/p>\n<p>Otsustatud!<\/p>\n<p>\u00d5pilasfirma Seif\u00a0 l\u00e4heb \u00fcle p\u00e4ris firmaks. Peale pikka m\u00f5tisklemist oleme j\u00f5udnud nimeni Seid Design, kuna leiame, et just see kajastab k\u00f5ige paremini seda, millega tahame edasi teha. Kivist kaarditaskud saavad olema kindlasti meie peamine tegevusala, aga kaarditaskute valikut tahame suuresti laiendada. Miks peatuda ainult kaarditaskutega? Kindlasti me seda ei tee ja tuleme turule veel paljude huvitavate toodetega. Kui kohe peaks midagi \u00fctlema siis m\u00f5ttes on telefonikaaned ja v\u00f5ibolla ka midagi lampide valdkonnast. Oma kividisainile j\u00e4\u00e4me aga truuks. Huvitav, millised meie tulevased tooted tulevad, aga oleme kindlad, et saame olla nende \u00fcle sama uhked, kui kaarditaskute \u00fcle.<\/p>\n<p>Muidugi on vaja teha enne palju muudatusi, kui saame t\u00e4ielikult p\u00e4ris firmaks \u00fcle minna. Nimelt on vaja tegeleda mitme tehnilise k\u00fcljega: muuta \u00e4ra kodulehe aadress, sotsiaalmeedi nimed, meiliaadressid, teha uus kodulehe disain, mis oleks eelmisest puhtam ja korralikum, ja paigaldada pangalingiga maksev\u00f5imalus, mida \u00f5pilasfirmana teha ei saa. Meie uueks koduleheks saab <a href=\"http:\/\/seifdesign.ee\/en\/\">seifdesign.ee<\/a> varasema ofseif.ee asemel.<\/p>\n<p>Minnes \u00fcle Seif Design nimele j\u00e4tkame kindlasti varasemate v\u00e4\u00e4rtustega: minimalism, loodusl\u00e4hedus ja ainulaadsus. Proovime k\u00e4ia ka edaspidi laatadel, et teil oleks v\u00f5imalik meid ka p\u00e4riselt k\u00fclastada. Samuti j\u00e4\u00e4me aktiivseks ka sotsiaalmeedias ja \u00fcritame olla veel aktiivsemad ja teid v\u00f5imalikult palju meie tegevustesse kaasata. Paneme t\u00e4iega edasi ja sihime t\u00e4htede poole.<\/p>\n<p>Seif Design tiim<\/p>","protected":false},"excerpt":{"rendered":"<p>\u00d5pilasfirma Seif aeg hakkab vaikselt t\u00e4si saama. See on olnud imeline kogemus meile ja soovime kindlasti oma tegevust j\u00e4tkata. K\u00e4isime huvitavatel \u00fcritustel, kohtusime v\u00e4gevate inimestega ja muidugi ei saa mainimatta j\u00e4tta teisi \u00f5pilasfirmasid, kellega oli tore koos tegutseda. Mani, Flexa, Tulevikunoored, Boks ja paljud teised. Ilma teieta poleks see elamus olnud pooltki nii vahva. N\u00fc\u00fcd, [&hellip;]<\/p>\n","protected":false},"author":2,"featured_media":559,"comment_status":"closed","ping_status":"closed","sticky":false,"template":"","format":"standard","meta":{"_monsterinsights_skip_tracking":false,"_monsterinsights_sitenote_active":false,"_monsterinsights_sitenote_note":"","_monsterinsights_sitenote_category":0,"site-sidebar-layout":"default","site-content-layout":"default","ast-site-content-layout":"default","site-content-style":"default","site-sidebar-style":"default","ast-global-header-display":"","ast-banner-title-visibility":"","ast-main-header-display":"","ast-hfb-above-header-display":"","ast-hfb-below-header-display":"","ast-hfb-mobile-header-display":"","site-post-title":"","ast-breadcrumbs-content":"","ast-featured-img":"","footer-sml-layout":"","ast-disable-related-posts":"","theme-transparent-header-meta":"default","adv-header-id-meta":"","stick-header-meta":"","header-above-stick-meta":"","header-main-stick-meta":"","header-below-stick-meta":"","astra-migrate-meta-layouts":"default","ast-page-background-enabled":"default","ast-page-background-meta":{"desktop":{"background-color":"var(--ast-global-color-4)","background-image":"","background-repeat":"repeat","background-position":"center center","background-size":"auto","background-attachment":"scroll","background-type":"","background-media":"","overlay-type":"","overlay-color":"","overlay-opacity":"","overlay-gradient":""},"tablet":{"background-color":"","background-image":"","background-repeat":"repeat","background-position":"center center","background-size":"auto","background-attachment":"scroll","background-type":"","background-media":"","overlay-type":"","overlay-color":"","overlay-opacity":"","overlay-gradient":""},"mobile":{"background-color":"","background-image":"","background-repeat":"repeat","background-position":"center center","background-size":"auto","background-attachment":"scroll","background-type":"","background-media":"","overlay-type":"","overlay-color":"","overlay-opacity":"","overlay-gradient":""}},"ast-content-background-meta":{"desktop":{"background-color":"var(--ast-global-color-5)","background-image":"","background-repeat":"repeat","background-position":"center center","background-size":"auto","background-attachment":"scroll","background-type":"","background-media":"","overlay-type":"","overlay-color":"","overlay-opacity":"","overlay-gradient":""},"tablet":{"background-color":"var(--ast-global-color-5)","background-image":"","background-repeat":"repeat","background-position":"center center","background-size":"auto","background-attachment":"scroll","background-type":"","background-media":"","overlay-type":"","overlay-color":"","overlay-opacity":"","overlay-gradient":""},"mobile":{"background-color":"var(--ast-global-color-5)","background-image":"","background-repeat":"repeat","background-position":"center center","background-size":"auto","background-attachment":"scroll","background-type":"","background-media":"","overlay-type":"","overlay-color":"","overlay-opacity":"","overlay-gradient":""}},"_jetpack_memberships_contains_paid_content":false,"footnotes":""},"categories":[1],"tags":[],"class_list":["post-558","post","type-post","status-publish","format-standard","has-post-thumbnail","hentry","category-uncategorized"],"yoast_head":"<!-- This site is optimized with the Yoast SEO Premium plugin v19.1 (Yoast SEO v27.5) - https:\/\/yoast.com\/product\/yoast-seo-premium-wordpress\/ -->\n<title>\u00d5pilasfirma Seif v\u00f5tab uue nime: Seif Design - Seif Design<\/title>\n<meta name=\"description\" content=\"\u00d5pilasfirma Seif hakkab otsi kokku t\u00f5mbama, aga l\u00f5ptamise asemel avame oma p\u00e4ris firma Seif Design ja tegutseme t\u00e4iega edasi.\" \/>\n<meta name=\"robots\" content=\"index, follow, max-snippet:-1, max-image-preview:large, max-video-preview:-1\" \/>\n<link rel=\"canonical\" href=\"https:\/\/seifdesign.ee\/en\/opilasfirma-seif-votab-uue-nime\/\" \/>\n<meta property=\"og:locale\" content=\"en_GB\" \/>\n<meta property=\"og:type\" content=\"article\" \/>\n<meta property=\"og:title\" content=\"\u00d5pilasfirma Seif v\u00f5tab uue nime: Seif Design\" \/>\n<meta property=\"og:description\" content=\"\u00d5pilasfirma Seif hakkab otsi kokku t\u00f5mbama, aga l\u00f5ptamise asemel avame oma p\u00e4ris firma Seif Design ja tegutseme t\u00e4iega edasi.\" \/>\n<meta property=\"og:url\" content=\"https:\/\/seifdesign.ee\/en\/opilasfirma-seif-votab-uue-nime\/\" \/>\n<meta property=\"og:site_name\" content=\"Seif Design\" \/>\n<meta property=\"article:publisher\" content=\"https:\/\/www.facebook.com\/seifdesign.ee\" \/>\n<meta property=\"article:published_time\" content=\"2022-06-01T17:00:13+00:00\" \/>\n<meta property=\"article:modified_time\" content=\"2023-01-03T21:41:51+00:00\" \/>\n<meta property=\"og:image\" content=\"https:\/\/seifdesign.ee\/wp-content\/uploads\/2022\/11\/285551599_531992611874546_3603028487701858369_n.jpg\" \/>\n\t<meta property=\"og:image:width\" content=\"1080\" \/>\n\t<meta property=\"og:image:height\" content=\"1350\" \/>\n\t<meta property=\"og:image:type\" content=\"image\/jpeg\" \/>\n<meta name=\"author\" content=\"Seif Design\" \/>\n<meta name=\"twitter:card\" content=\"summary_large_image\" \/>\n<meta name=\"twitter:label1\" content=\"Written by\" \/>\n\t<meta name=\"twitter:data1\" content=\"Seif Design\" \/>\n\t<meta name=\"twitter:label2\" content=\"Estimated reading time\" \/>\n\t<meta name=\"twitter:data2\" content=\"2 minutes\" \/>\n<script type=\"application\/ld+json\" class=\"yoast-schema-graph\">{\"@context\":\"https:\\\/\\\/schema.org\",\"@graph\":[{\"@type\":\"Article\",\"@id\":\"https:\\\/\\\/seifdesign.ee\\\/opilasfirma-seif-votab-uue-nime\\\/#article\",\"isPartOf\":{\"@id\":\"https:\\\/\\\/seifdesign.ee\\\/opilasfirma-seif-votab-uue-nime\\\/\"},\"author\":{\"name\":\"Seif Design\",\"@id\":\"https:\\\/\\\/seifdesign.ee\\\/#\\\/schema\\\/person\\\/23306c2f3700525cb953d97a4fd56975\"},\"headline\":\"\u00d5pilasfirma Seif v\u00f5tab uue nime: Seif Design\",\"datePublished\":\"2022-06-01T17:00:13+00:00\",\"dateModified\":\"2023-01-03T21:41:51+00:00\",\"mainEntityOfPage\":{\"@id\":\"https:\\\/\\\/seifdesign.ee\\\/opilasfirma-seif-votab-uue-nime\\\/\"},\"wordCount\":349,\"publisher\":{\"@id\":\"https:\\\/\\\/seifdesign.ee\\\/#organization\"},\"image\":{\"@id\":\"https:\\\/\\\/seifdesign.ee\\\/opilasfirma-seif-votab-uue-nime\\\/#primaryimage\"},\"thumbnailUrl\":\"https:\\\/\\\/seifdesign.ee\\\/wp-content\\\/uploads\\\/2022\\\/11\\\/285551599_531992611874546_3603028487701858369_n.jpg\",\"articleSection\":[\"Uncategorized\"],\"inLanguage\":\"en-GB\"},{\"@type\":\"WebPage\",\"@id\":\"https:\\\/\\\/seifdesign.ee\\\/opilasfirma-seif-votab-uue-nime\\\/\",\"url\":\"https:\\\/\\\/seifdesign.ee\\\/opilasfirma-seif-votab-uue-nime\\\/\",\"name\":\"\u00d5pilasfirma Seif v\u00f5tab uue nime: Seif Design - Seif Design\",\"isPartOf\":{\"@id\":\"https:\\\/\\\/seifdesign.ee\\\/#website\"},\"primaryImageOfPage\":{\"@id\":\"https:\\\/\\\/seifdesign.ee\\\/opilasfirma-seif-votab-uue-nime\\\/#primaryimage\"},\"image\":{\"@id\":\"https:\\\/\\\/seifdesign.ee\\\/opilasfirma-seif-votab-uue-nime\\\/#primaryimage\"},\"thumbnailUrl\":\"https:\\\/\\\/seifdesign.ee\\\/wp-content\\\/uploads\\\/2022\\\/11\\\/285551599_531992611874546_3603028487701858369_n.jpg\",\"datePublished\":\"2022-06-01T17:00:13+00:00\",\"dateModified\":\"2023-01-03T21:41:51+00:00\",\"description\":\"\u00d5pilasfirma Seif hakkab otsi kokku t\u00f5mbama, aga l\u00f5ptamise asemel avame oma p\u00e4ris firma Seif Design ja tegutseme t\u00e4iega edasi.\",\"breadcrumb\":{\"@id\":\"https:\\\/\\\/seifdesign.ee\\\/opilasfirma-seif-votab-uue-nime\\\/#breadcrumb\"},\"inLanguage\":\"en-GB\",\"potentialAction\":[{\"@type\":\"ReadAction\",\"target\":[\"https:\\\/\\\/seifdesign.ee\\\/opilasfirma-seif-votab-uue-nime\\\/\"]}]},{\"@type\":\"ImageObject\",\"inLanguage\":\"en-GB\",\"@id\":\"https:\\\/\\\/seifdesign.ee\\\/opilasfirma-seif-votab-uue-nime\\\/#primaryimage\",\"url\":\"https:\\\/\\\/seifdesign.ee\\\/wp-content\\\/uploads\\\/2022\\\/11\\\/285551599_531992611874546_3603028487701858369_n.jpg\",\"contentUrl\":\"https:\\\/\\\/seifdesign.ee\\\/wp-content\\\/uploads\\\/2022\\\/11\\\/285551599_531992611874546_3603028487701858369_n.jpg\",\"width\":1080,\"height\":1350,\"caption\":\"\u00d5pilasfirma Seif otsustab minna \u00fcle p\u00e4ris firmaks ja v\u00f5tta uus nimi Seif Design\"},{\"@type\":\"BreadcrumbList\",\"@id\":\"https:\\\/\\\/seifdesign.ee\\\/opilasfirma-seif-votab-uue-nime\\\/#breadcrumb\",\"itemListElement\":[{\"@type\":\"ListItem\",\"position\":1,\"name\":\"Home\",\"item\":\"https:\\\/\\\/seifdesign.ee\\\/\"},{\"@type\":\"ListItem\",\"position\":2,\"name\":\"\u00d5pilasfirma Seif v\u00f5tab uue nime: Seif Design\"}]},{\"@type\":\"WebSite\",\"@id\":\"https:\\\/\\\/seifdesign.ee\\\/#website\",\"url\":\"https:\\\/\\\/seifdesign.ee\\\/\",\"name\":\"Seif Design\",\"description\":\"Seif Design kivist kaarditaskud\",\"publisher\":{\"@id\":\"https:\\\/\\\/seifdesign.ee\\\/#organization\"},\"potentialAction\":[{\"@type\":\"SearchAction\",\"target\":{\"@type\":\"EntryPoint\",\"urlTemplate\":\"https:\\\/\\\/seifdesign.ee\\\/?s={search_term_string}\"},\"query-input\":{\"@type\":\"PropertyValueSpecification\",\"valueRequired\":true,\"valueName\":\"search_term_string\"}}],\"inLanguage\":\"en-GB\"},{\"@type\":\"Organization\",\"@id\":\"https:\\\/\\\/seifdesign.ee\\\/#organization\",\"name\":\"Seif Design\",\"url\":\"https:\\\/\\\/seifdesign.ee\\\/\",\"logo\":{\"@type\":\"ImageObject\",\"inLanguage\":\"en-GB\",\"@id\":\"https:\\\/\\\/seifdesign.ee\\\/#\\\/schema\\\/logo\\\/image\\\/\",\"url\":\"https:\\\/\\\/seifdesign.ee\\\/wp-content\\\/uploads\\\/2024\\\/05\\\/cropped-Seif_Logo-2.png\",\"contentUrl\":\"https:\\\/\\\/seifdesign.ee\\\/wp-content\\\/uploads\\\/2024\\\/05\\\/cropped-Seif_Logo-2.png\",\"width\":789,\"height\":571,\"caption\":\"Seif Design\"},\"image\":{\"@id\":\"https:\\\/\\\/seifdesign.ee\\\/#\\\/schema\\\/logo\\\/image\\\/\"},\"sameAs\":[\"https:\\\/\\\/www.facebook.com\\\/seifdesign.ee\",\"https:\\\/\\\/www.instagram.com\\\/seifdesign.ee\\\/\"]},{\"@type\":\"Person\",\"@id\":\"https:\\\/\\\/seifdesign.ee\\\/#\\\/schema\\\/person\\\/23306c2f3700525cb953d97a4fd56975\",\"name\":\"Seif Design\",\"image\":{\"@type\":\"ImageObject\",\"inLanguage\":\"en-GB\",\"@id\":\"https:\\\/\\\/secure.gravatar.com\\\/avatar\\\/df79aa03922b2e50243a5df03d94af185d4925a418901815eb0528ee5db24149?s=96&d=mm&r=g\",\"url\":\"https:\\\/\\\/secure.gravatar.com\\\/avatar\\\/df79aa03922b2e50243a5df03d94af185d4925a418901815eb0528ee5db24149?s=96&d=mm&r=g\",\"contentUrl\":\"https:\\\/\\\/secure.gravatar.com\\\/avatar\\\/df79aa03922b2e50243a5df03d94af185d4925a418901815eb0528ee5db24149?s=96&d=mm&r=g\",\"caption\":\"Seif Design\"},\"url\":\"https:\\\/\\\/seifdesign.ee\\\/en\\\/author\\\/seif-design\\\/\"}]}<\/script>\n<!-- \/ Yoast SEO Premium plugin. -->","yoast_head_json":{"title":"\u00d5pilasfirma Seif v\u00f5tab uue nime: Seif Design - Seif Design","description":"\u00d5pilasfirma Seif hakkab otsi kokku t\u00f5mbama, aga l\u00f5ptamise asemel avame oma p\u00e4ris firma Seif Design ja tegutseme t\u00e4iega edasi.","robots":{"index":"index","follow":"follow","max-snippet":"max-snippet:-1","max-image-preview":"max-image-preview:large","max-video-preview":"max-video-preview:-1"},"canonical":"https:\/\/seifdesign.ee\/en\/opilasfirma-seif-votab-uue-nime\/","og_locale":"en_GB","og_type":"article","og_title":"\u00d5pilasfirma Seif v\u00f5tab uue nime: Seif Design","og_description":"\u00d5pilasfirma Seif hakkab otsi kokku t\u00f5mbama, aga l\u00f5ptamise asemel avame oma p\u00e4ris firma Seif Design ja tegutseme t\u00e4iega edasi.","og_url":"https:\/\/seifdesign.ee\/en\/opilasfirma-seif-votab-uue-nime\/","og_site_name":"Seif Design","article_publisher":"https:\/\/www.facebook.com\/seifdesign.ee","article_published_time":"2022-06-01T17:00:13+00:00","article_modified_time":"2023-01-03T21:41:51+00:00","og_image":[{"width":1080,"height":1350,"url":"https:\/\/seifdesign.ee\/wp-content\/uploads\/2022\/11\/285551599_531992611874546_3603028487701858369_n.jpg","type":"image\/jpeg"}],"author":"Seif Design","twitter_card":"summary_large_image","twitter_misc":{"Written by":"Seif Design","Estimated reading time":"2 minutes"},"schema":{"@context":"https:\/\/schema.org","@graph":[{"@type":"Article","@id":"https:\/\/seifdesign.ee\/opilasfirma-seif-votab-uue-nime\/#article","isPartOf":{"@id":"https:\/\/seifdesign.ee\/opilasfirma-seif-votab-uue-nime\/"},"author":{"name":"Seif Design","@id":"https:\/\/seifdesign.ee\/#\/schema\/person\/23306c2f3700525cb953d97a4fd56975"},"headline":"\u00d5pilasfirma Seif v\u00f5tab uue nime: Seif Design","datePublished":"2022-06-01T17:00:13+00:00","dateModified":"2023-01-03T21:41:51+00:00","mainEntityOfPage":{"@id":"https:\/\/seifdesign.ee\/opilasfirma-seif-votab-uue-nime\/"},"wordCount":349,"publisher":{"@id":"https:\/\/seifdesign.ee\/#organization"},"image":{"@id":"https:\/\/seifdesign.ee\/opilasfirma-seif-votab-uue-nime\/#primaryimage"},"thumbnailUrl":"https:\/\/seifdesign.ee\/wp-content\/uploads\/2022\/11\/285551599_531992611874546_3603028487701858369_n.jpg","articleSection":["Uncategorized"],"inLanguage":"en-GB"},{"@type":"WebPage","@id":"https:\/\/seifdesign.ee\/opilasfirma-seif-votab-uue-nime\/","url":"https:\/\/seifdesign.ee\/opilasfirma-seif-votab-uue-nime\/","name":"\u00d5pilasfirma Seif v\u00f5tab uue nime: Seif Design - Seif Design","isPartOf":{"@id":"https:\/\/seifdesign.ee\/#website"},"primaryImageOfPage":{"@id":"https:\/\/seifdesign.ee\/opilasfirma-seif-votab-uue-nime\/#primaryimage"},"image":{"@id":"https:\/\/seifdesign.ee\/opilasfirma-seif-votab-uue-nime\/#primaryimage"},"thumbnailUrl":"https:\/\/seifdesign.ee\/wp-content\/uploads\/2022\/11\/285551599_531992611874546_3603028487701858369_n.jpg","datePublished":"2022-06-01T17:00:13+00:00","dateModified":"2023-01-03T21:41:51+00:00","description":"\u00d5pilasfirma Seif hakkab otsi kokku t\u00f5mbama, aga l\u00f5ptamise asemel avame oma p\u00e4ris firma Seif Design ja tegutseme t\u00e4iega edasi.","breadcrumb":{"@id":"https:\/\/seifdesign.ee\/opilasfirma-seif-votab-uue-nime\/#breadcrumb"},"inLanguage":"en-GB","potentialAction":[{"@type":"ReadAction","target":["https:\/\/seifdesign.ee\/opilasfirma-seif-votab-uue-nime\/"]}]},{"@type":"ImageObject","inLanguage":"en-GB","@id":"https:\/\/seifdesign.ee\/opilasfirma-seif-votab-uue-nime\/#primaryimage","url":"https:\/\/seifdesign.ee\/wp-content\/uploads\/2022\/11\/285551599_531992611874546_3603028487701858369_n.jpg","contentUrl":"https:\/\/seifdesign.ee\/wp-content\/uploads\/2022\/11\/285551599_531992611874546_3603028487701858369_n.jpg","width":1080,"height":1350,"caption":"\u00d5pilasfirma Seif otsustab minna \u00fcle p\u00e4ris firmaks ja v\u00f5tta uus nimi Seif Design"},{"@type":"BreadcrumbList","@id":"https:\/\/seifdesign.ee\/opilasfirma-seif-votab-uue-nime\/#breadcrumb","itemListElement":[{"@type":"ListItem","position":1,"name":"Home","item":"https:\/\/seifdesign.ee\/"},{"@type":"ListItem","position":2,"name":"\u00d5pilasfirma Seif v\u00f5tab uue nime: Seif Design"}]},{"@type":"WebSite","@id":"https:\/\/seifdesign.ee\/#website","url":"https:\/\/seifdesign.ee\/","name":"Seif Design","description":"Seif Design kivist kaarditaskud","publisher":{"@id":"https:\/\/seifdesign.ee\/#organization"},"potentialAction":[{"@type":"SearchAction","target":{"@type":"EntryPoint","urlTemplate":"https:\/\/seifdesign.ee\/?s={search_term_string}"},"query-input":{"@type":"PropertyValueSpecification","valueRequired":true,"valueName":"search_term_string"}}],"inLanguage":"en-GB"},{"@type":"Organization","@id":"https:\/\/seifdesign.ee\/#organization","name":"Seif Design","url":"https:\/\/seifdesign.ee\/","logo":{"@type":"ImageObject","inLanguage":"en-GB","@id":"https:\/\/seifdesign.ee\/#\/schema\/logo\/image\/","url":"https:\/\/seifdesign.ee\/wp-content\/uploads\/2024\/05\/cropped-Seif_Logo-2.png","contentUrl":"https:\/\/seifdesign.ee\/wp-content\/uploads\/2024\/05\/cropped-Seif_Logo-2.png","width":789,"height":571,"caption":"Seif Design"},"image":{"@id":"https:\/\/seifdesign.ee\/#\/schema\/logo\/image\/"},"sameAs":["https:\/\/www.facebook.com\/seifdesign.ee","https:\/\/www.instagram.com\/seifdesign.ee\/"]},{"@type":"Person","@id":"https:\/\/seifdesign.ee\/#\/schema\/person\/23306c2f3700525cb953d97a4fd56975","name":"Seif Design","image":{"@type":"ImageObject","inLanguage":"en-GB","@id":"https:\/\/secure.gravatar.com\/avatar\/df79aa03922b2e50243a5df03d94af185d4925a418901815eb0528ee5db24149?s=96&d=mm&r=g","url":"https:\/\/secure.gravatar.com\/avatar\/df79aa03922b2e50243a5df03d94af185d4925a418901815eb0528ee5db24149?s=96&d=mm&r=g","contentUrl":"https:\/\/secure.gravatar.com\/avatar\/df79aa03922b2e50243a5df03d94af185d4925a418901815eb0528ee5db24149?s=96&d=mm&r=g","caption":"Seif Design"},"url":"https:\/\/seifdesign.ee\/en\/author\/seif-design\/"}]}},"jetpack_sharing_enabled":true,"jetpack_featured_media_url":"https:\/\/seifdesign.ee\/wp-content\/uploads\/2022\/11\/285551599_531992611874546_3603028487701858369_n.jpg","_links":{"self":[{"href":"https:\/\/seifdesign.ee\/en\/wp-json\/wp\/v2\/posts\/558","targetHints":{"allow":["GET"]}}],"collection":[{"href":"https:\/\/seifdesign.ee\/en\/wp-json\/wp\/v2\/posts"}],"about":[{"href":"https:\/\/seifdesign.ee\/en\/wp-json\/wp\/v2\/types\/post"}],"author":[{"embeddable":true,"href":"https:\/\/seifdesign.ee\/en\/wp-json\/wp\/v2\/users\/2"}],"replies":[{"embeddable":true,"href":"https:\/\/seifdesign.ee\/en\/wp-json\/wp\/v2\/comments?post=558"}],"version-history":[{"count":5,"href":"https:\/\/seifdesign.ee\/en\/wp-json\/wp\/v2\/posts\/558\/revisions"}],"predecessor-version":[{"id":610,"href":"https:\/\/seifdesign.ee\/en\/wp-json\/wp\/v2\/posts\/558\/revisions\/610"}],"wp:featuredmedia":[{"embeddable":true,"href":"https:\/\/seifdesign.ee\/en\/wp-json\/wp\/v2\/media\/559"}],"wp:attachment":[{"href":"https:\/\/seifdesign.ee\/en\/wp-json\/wp\/v2\/media?parent=558"}],"wp:term":[{"taxonomy":"category","embeddable":true,"href":"https:\/\/seifdesign.ee\/en\/wp-json\/wp\/v2\/categories?post=558"},{"taxonomy":"post_tag","embeddable":true,"href":"https:\/\/seifdesign.ee\/en\/wp-json\/wp\/v2\/tags?post=558"}],"curies":[{"name":"wp","href":"https:\/\/api.w.org\/{rel}","templated":true}]}}